{"id":5195,"date":"2021-02-01T09:07:00","date_gmt":"2021-02-01T08:07:00","guid":{"rendered":"https:\/\/www.italyfamilyhotels.it\/blog\/?p=5195"},"modified":"2022-09-29T16:22:33","modified_gmt":"2022-09-29T14:22:33","slug":"moda-bambine-primavera-estate-2021-intervista-magil","status":"publish","type":"post","link":"https:\/\/www.italyfamilyhotels.it\/blog\/family-lifestyle\/moda-bambine-primavera-estate-2021-intervista-magil.html","title":{"rendered":"Moda bimbe primavera-estate 2021: colori pastello e dettagli di luce"},"content":{"rendered":"\n<p>I colori della moda bimbe primavera-estate 2021 saranno colori pastello, tenui e pieni di luce. Saranno i colori del riscatto e dell\u2019indipendenza, soprattutto per le bambine italiane. Piccoli dettagli di luce daranno forza e ottimismo alle loro giornate.<\/p>\n\n\n\n<p>Per scoprire le <strong>tendenze<\/strong> della nuova stagione<strong> bimba primavera-estate 2021<\/strong> siamo andati a Lavagna, in provincia di Genova, nello spettacolare showroom nel porto della Magil. &nbsp;E mentre dalle finestre si vede il mare increspato dal vento invernale, la titolare della storica azienda di abbagliamento made in Italy, Maria Chiara Maggi, ci mostra i cotoni stampati e i tessuti per la primavera-estate.<\/p>\n\n\n\n<p>Magil veste le <strong>bambine da 0 a 18 anni<\/strong>, \u00e8 un marchio nato nel 1966 e diventando negli anni uno dei marchi di riferimento della moda per bambini, sia in <strong>Italia<\/strong> sia all\u2019estero. \u201cImmaginiamo abiti comodi e resistenti, ma che siano unici\u201d, spiega Maria Chiara Maggi, che da dieci anni dirige la Magil.<\/p>\n\n\n\n<h2 class=\"wp-block-heading\">Le ultime tendenze della moda bimbi primavera-estate 2021<\/h2>\n\n\n\n<figure class=\"wp-block-image size-large\"><img loading=\"lazy\" decoding=\"async\" width=\"640\" height=\"426\" src=\"https:\/\/www.italyfamilyhotels.it\/blog\/wp-content\/uploads\/2021\/01\/Magil-maria-chiara-maggi.jpg\" alt=\"Moda bimbe primavera-estate 2021: colori pastello e dettagli di luce\" class=\"wp-image-5207\" srcset=\"https:\/\/www.italyfamilyhotels.it\/blog\/wp-content\/uploads\/2021\/01\/Magil-maria-chiara-maggi.jpg 640w, https:\/\/www.italyfamilyhotels.it\/blog\/wp-content\/uploads\/2021\/01\/Magil-maria-chiara-maggi-300x200.jpg 300w\" sizes=\"auto, (max-width: 640px) 100vw, 640px\" \/><figcaption>Foto Marco Mancini<\/figcaption><\/figure>\n\n\n\n<p><strong>Iniziamo dalla collezione primavera-estate 2021, ci svela le ultime tendenze?<\/strong><\/p>\n\n\n\n<p>\u201cStiamo passando un periodo difficile e penso alle famiglie, ai negozianti, alle aziende, ecco perch\u00e9 la nostra nuova collezione ha una missione: dare un segnale positivo. Il campionario per la primavera-estate 2021 \u00e8 nuovo e carico di energia. L\u2019obiettivo \u00e8 trasmettere fiducia nel futuro.<\/p>\n\n\n\n<p>Per gli abiti da cerimonia ho privilegiato il bianco, il perlato i colori pastello dall\u2019azzurro al rosa con delle fantasie molto fresche stampate su cotone. I colori pastello ritornano nei capi quotidiani, insieme alle righe e al bianco e blu (stile marinaretto) e per il look pi\u00f9 sportivo un jeans leggerissimo costellato di stelline glitterate color argento\u201d.<\/p>\n\n\n\n<h2 class=\"wp-block-heading\">Moda primavera-estate 2021, le scarpe per le bambine<\/h2>\n\n\n\n<figure class=\"wp-block-image size-large\"><img loading=\"lazy\" decoding=\"async\" width=\"640\" height=\"384\" src=\"https:\/\/www.italyfamilyhotels.it\/blog\/wp-content\/uploads\/2021\/01\/primavera-estate-2021-scarpe-bimba-magil.jpg\" alt=\"Moda bimbe primavera-estate 2021: colori pastello e dettagli di luce\" class=\"wp-image-5212\" srcset=\"https:\/\/www.italyfamilyhotels.it\/blog\/wp-content\/uploads\/2021\/01\/primavera-estate-2021-scarpe-bimba-magil.jpg 640w, https:\/\/www.italyfamilyhotels.it\/blog\/wp-content\/uploads\/2021\/01\/primavera-estate-2021-scarpe-bimba-magil-300x180.jpg 300w\" sizes=\"auto, (max-width: 640px) 100vw, 640px\" \/><\/figure>\n\n\n\n<p><strong>Magil veste le bambine dalle scarpe agli accessori, il look 2021 \u00e8 tutto coordinato?<\/strong><\/p>\n\n\n\n<p>\u201cIo ho tre sorelle e ricordo che, quando ero piccola, a Natale io e le mie sorelle aspettavamo impazienti di aprire i regali perch\u00e9 mia madre ci regalava sempre i vestiti tutti diversi ma coordinati. E noi li adoravamo, ne eravamo cos\u00ec fiere. Ogni collezione che disegno immagino quattro sorelle da vestire, una pi\u00f9 romantica, una pi\u00f9 sportiva, una elegante, una pi\u00f9 dinamica\u2026 come se le bambine del mondo Magil fossero tutte sorelle. Ed ecco che l\u2019abito \u00e8 coordinato alla scarpa, alla calza, alla borsetta e al cerchietto: io immagino un mondo, anzi pi\u00f9 mondi attorno a ogni capo\u201d.<\/p>\n\n\n\n<p><strong>A proposito di calzature, le scarpe Magil, sono piccoli abiti per i piedi.<\/strong><\/p>\n\n\n\n<p>\u201cS\u00ec, \u00e8 vero, usiamo gli stessi tessuti dei vestiti, raddoppiati e rinforzati e quindi le nostre sneakers hanno inserti in tulle e paillette. Abbiamo una linea molto elegante, ma i bambini restano bambini e quindi non si devono prendere troppo sul serio, ecco che le sneakers sdrammatizzano il look delle nostre bambine\u201d.<\/p>\n\n\n\n<h2 class=\"wp-block-heading\">Minime, moda mamma-bimbe<\/h2>\n\n\n\n<p><strong>Abbiamo notato nella nuova collezione anche dei capi per le mamme. Come mai?<\/strong><\/p>\n\n\n\n<p>\u201cCe lo hanno chiesto insistentemente le nostre clienti. E devo dire che mi sta divertendo molto sviluppare la linea coordinata figlia-mamma. Come Magil ho sempre scelto capi di grande qualit\u00e0, ma comodi e \u2026 provandoli personalmente mi rendo ancora pi\u00f9 conto dei punti di forza e di debolezza. E poi le mamme Magil sono mamme positive e sognatrici e abbiamo tanto bisogno di mamme cos\u00ec\u2026io sono diventata mamma a giugno e la mia piccola Martina \u00e8 sempre pi\u00f9 ispirazione ma anche stimolo a migliorarmi. perci\u00f2 nella collezione moda bimbe primavera-esate 2021 ci saranno tanti capi anche per le mamme\u201d.<\/p>\n\n\n\n<figure class=\"wp-block-image size-large\"><img loading=\"lazy\" decoding=\"async\" width=\"640\" height=\"427\" src=\"https:\/\/www.italyfamilyhotels.it\/blog\/wp-content\/uploads\/2021\/01\/Mariachiara-Maggi.jpg\" alt=\"Moda bimbe primavera-estate 2021: colori pastello e dettagli di luce\" class=\"wp-image-5209\" srcset=\"https:\/\/www.italyfamilyhotels.it\/blog\/wp-content\/uploads\/2021\/01\/Mariachiara-Maggi.jpg 640w, https:\/\/www.italyfamilyhotels.it\/blog\/wp-content\/uploads\/2021\/01\/Mariachiara-Maggi-300x200.jpg 300w\" sizes=\"auto, (max-width: 640px) 100vw, 640px\" \/><\/figure>\n\n\n\n<h2 class=\"wp-block-heading\">La qualit\u00e0 nella moda bambini<\/h2>\n\n\n\n<p><strong>Lei parla di qualit\u00e0, cos\u2019\u00e8 la qualit\u00e0 quando si parla di abbigliamento per bambini?<\/strong><\/p>\n\n\n\n<p>\u201c\u00c8 ricerca delle materie prime, \u00e8 fornitori rigorosamente italiani e affidabili con un buon rapporto qualit\u00e0 prezzo. Noi acquistiamo materie prime italiane, con il controllo diretto della filiera fino ad arrivare alle coltivazioni del cotone. Una volta scelti e controllati i tessuti li smistiamo in 5 laboratori in Emilia, in Liguria, In Toscana e in Lombardia che lavorano per noi. Per Magil qualit\u00e0 \u00e8 conoscere e scegliere la filiera dalla materia dal filato all\u2019ultimo bottone&nbsp; e \u2026 come bottoni scegliamo quelli naturali in conchiglia prodotti in Toscana\u201d.<\/p>\n\n\n\n<figure class=\"wp-block-image size-large\"><img loading=\"lazy\" decoding=\"async\" width=\"640\" height=\"476\" src=\"https:\/\/www.italyfamilyhotels.it\/blog\/wp-content\/uploads\/2021\/01\/Moda-bambine-primavera-estate-2021-Magil-Italy.jpg\" alt=\"Moda bimbe primavera-estate 2021: colori pastello e dettagli di luce\" class=\"wp-image-5210\" srcset=\"https:\/\/www.italyfamilyhotels.it\/blog\/wp-content\/uploads\/2021\/01\/Moda-bambine-primavera-estate-2021-Magil-Italy.jpg 640w, https:\/\/www.italyfamilyhotels.it\/blog\/wp-content\/uploads\/2021\/01\/Moda-bambine-primavera-estate-2021-Magil-Italy-300x223.jpg 300w\" sizes=\"auto, (max-width: 640px) 100vw, 640px\" \/><\/figure>\n\n\n\n<p><strong>Vestiti che fanno sentire i bambini importanti. Ma le mamme pensano anche alla praticit\u00e0 dei capi di abbigliamento.<\/strong><\/p>\n\n\n\n<p>\u201cEcco le due parole chiave, qualit\u00e0 e praticit\u00e0. Tutti i nostri tessuti, tranne quelli degli abiti da cerimonia, si lavano in lavatrice e si asciugano con l\u2019asciugatrice. Come dicevo prima i bambini sono la nostra ispirazione, ma le mamme il nostro punto di riferimento. Quando disegno la collezione la penso con gli occhi dei bambini: gli abiti prima di tutto devono piacere a loro. Ma poi entra in gioco lo sguardo adulto e mi concentro sulla praticit\u00e0. Cos\u00ec negli anni ho abbandonato alcuni filati troppo delicati e preziosi e ora preferisco cotone, lavabile in lavatrice, morbido, caldo, che non punge\u201d.<\/p>\n\n\n\n<p><strong>Lei non \u00e8 la fondatrice di Magil, ma come \u00e8 arrivata a capo di quest\u2019azienda?<\/strong><\/p>\n\n\n\n<p>\u201cL\u2019ho rilevata dieci anni fa.&nbsp; Ho studiato a Milano fashion design e avevo iniziato a lavorare come stilista di Milano, alla mia prima esperienza al Pitti Bimbo mi sono innamorata della moda bambini, per Magil ho iniziato come consulente esterna e quando il titolare in crisi ha venduto il marchio io a 25 anni, seguendo l\u2019istinto, l\u2019ho comprato. L\u2019ho rilevato perch\u00e9 lo sentivo mio, mi riconoscevo nella sua storia, nei suoi ideali. L\u2019ho scelto per amore. E ogni giorno il mio lavoro \u00e8 un lavoro d\u2019amore\u201d.<\/p>\n\n\n\n<p><strong>Come mai avete solo una linea bambina?<\/strong><\/p>\n\n\n\n<p>\u201cSono sincera, perch\u00e9 il mercato \u00e8 un po\u2019 pi\u00f9 semplice. All\u2019inizio avevo risorse limitate e ho preferito specializzarmi. Ora ho una linea neonato, con abiti simili a quelle delle bimbe pi\u00f9 grandi, ma con tessuti morbidissimi e stiamo rafforzando la linea mamma\u201d.<\/p>\n\n\n\n<p><strong>Ma se vogliamo trovare gli abiti Magil dove li troviamo?<\/strong><\/p>\n\n\n\n<h2 class=\"wp-block-heading\">I negozi Magil<\/h2>\n\n\n\n<figure class=\"wp-block-image size-large\"><img loading=\"lazy\" decoding=\"async\" width=\"640\" height=\"427\" src=\"https:\/\/www.italyfamilyhotels.it\/blog\/wp-content\/uploads\/2021\/01\/Moda-primavera-estate-2021-magil.jpg\" alt=\"bambine vestiti jeans\" class=\"wp-image-5208\" srcset=\"https:\/\/www.italyfamilyhotels.it\/blog\/wp-content\/uploads\/2021\/01\/Moda-primavera-estate-2021-magil.jpg 640w, https:\/\/www.italyfamilyhotels.it\/blog\/wp-content\/uploads\/2021\/01\/Moda-primavera-estate-2021-magil-300x200.jpg 300w\" sizes=\"auto, (max-width: 640px) 100vw, 640px\" \/><\/figure>\n\n\n\n<p>Ci sono oltre 200 negozi multibrand in tutt\u2019Italia e una rete commerciale di sette agenti. A tutte le mamme dico di contattarci attraverso il nostro sito <a href=\"https:\/\/www.magil.info\/\" target=\"_blank\" rel=\"noreferrer noopener\">magil.info<\/a> o sui social, rispondiamo velocemente e indichiamo il negozio pi\u00f9 vicino nell\u2019arco di 10 chilometri\u201d.<\/p>\n\n\n\n<p><strong>Magil, suona come \u201cmagia\u201d, da dove nasce il nome del brand\u201d.<\/strong><\/p>\n\n\n\n<p>\u201cIn realt\u00e0 Magil \u00e8 una doppia magia. Magil nasce dallo storico creatore del brand Mantica Gilberto, ma \u00e8 anche un nome indissolubilmente legato alla mia famiglia: Magil \u00e8 un addolcimento del mio cognome \u201cMaggi\u201d, poi \u201cMa\u201d ricorda le iniziali del nome di mio padre Mario, \u201cGi\u201d di mia sorella Giulia, \u201cL\u201d come la mamma Luisella e le mie sorelle Lucia e Laura \u2026 e a giungo \u00e8 nata anche mia figlia e l\u2019ho chiamata Martina\u2026 Torna il \u201cMa\u201d. \u00c8 come se nel nome \u201cMagil\u201d &nbsp;ci fosse un passaggio di magia, tradizioni, competenze, sogni tra generazioni\u201d.<\/p>\n\n\n\n<p><strong>A proposito di sogni, qual \u00e8 il sogno di Maria Chiara Maggi in questo 2021?<\/strong><\/p>\n\n\n\n<p>\u201cMi piacerebbe tantissimo aprire un negozio monomarca in una citt\u00e0 di riferimento dove poter trasmettere in modo completo il mondo Magil. Un luogo dove una bambina possa entrare e trovare tutto quello che cerca. In un momento in cui l\u2019online sta prendendo il sopravvento, sogno il negozio di vicinato, dove le mamme possano fare acquisti toccando e vedendo il prodotto. Noi lavoriamo tanto sull\u2019immagine, ma quando tocchi un abito Magil entri davvero nel nostro mondo, un mondo in cui il sogno, il tulle, le stelle diventano quotidianit\u00e0. Credo che la nostra Italia e le nostre famiglie abbiano bisogno di relazioni reali: il mio sogno \u00e8 la realt\u00e0\u201d.<\/p>\n","protected":false},"excerpt":{"rendered":"<p>I colori della moda bimbe primavera-estate 2021 saranno colori pastello, tenui e pieni di luce. Saranno i colori del riscatto &hellip;<\/p>\n","protected":false},"author":535,"featured_media":5206,"comment_status":"open","ping_status":"open","sticky":false,"template":"","format":"standard","meta":{"_acf_changed":false,"footnotes":""},"categories":[162],"tags":[164],"class_list":["post-5195","post","type-post","status-publish","format-standard","has-post-thumbnail","hentry","category-family-lifestyle","tag-moda"],"acf":[],"yoast_head":"<!-- This site is optimized with the Yoast SEO plugin v27.1 - https:\/\/yoast.com\/product\/yoast-seo-wordpress\/ -->\n<title>Moda bimbe primavera-estate 2021: colori pastello e dettagli di luce<\/title>\n<meta name=\"description\" content=\"Moda bimbe primavera-estate 2021, abiti, colori e scarpe. intervista a Maria Chiara Maggi della linea made in Italy Magil\" \/>\n<meta name=\"robots\" content=\"index, follow, max-snippet:-1, max-image-preview:large, max-video-preview:-1\" \/>\n<link rel=\"canonical\" href=\"https:\/\/www.italyfamilyhotels.it\/blog\/family-lifestyle\/moda-bambine-primavera-estate-2021-intervista-magil.html\" \/>\n<meta property=\"og:locale\" content=\"it_IT\" \/>\n<meta property=\"og:type\" content=\"article\" \/>\n<meta property=\"og:title\" content=\"Moda bimbe primavera-estate 2021: colori pastello e dettagli di luce\" \/>\n<meta property=\"og:description\" content=\"Moda bimbe primavera-estate 2021, abiti, colori e scarpe. intervista a Maria Chiara Maggi della linea made in Italy Magil\" \/>\n<meta property=\"og:url\" content=\"https:\/\/www.italyfamilyhotels.it\/blog\/family-lifestyle\/moda-bambine-primavera-estate-2021-intervista-magil.html\" \/>\n<meta property=\"og:site_name\" content=\"Family Travel Blog\" \/>\n<meta property=\"article:published_time\" content=\"2021-02-01T08:07:00+00:00\" \/>\n<meta property=\"article:modified_time\" content=\"2022-09-29T14:22:33+00:00\" \/>\n<meta property=\"og:image\" content=\"https:\/\/www.italyfamilyhotels.it\/blog\/wp-content\/uploads\/2021\/01\/Moda-bimbe-primavera-estate-2021-COVER.jpg\" \/>\n\t<meta property=\"og:image:width\" content=\"300\" \/>\n\t<meta property=\"og:image:height\" content=\"200\" \/>\n\t<meta property=\"og:image:type\" content=\"image\/jpeg\" \/>\n<meta name=\"author\" content=\"Francesco De Rosa\" \/>\n<meta name=\"twitter:label1\" content=\"Scritto da\" \/>\n\t<meta name=\"twitter:data1\" content=\"Francesco De Rosa\" \/>\n\t<meta name=\"twitter:label2\" content=\"Tempo di lettura stimato\" \/>\n\t<meta name=\"twitter:data2\" content=\"8 minuti\" \/>\n<script type=\"application\/ld+json\" class=\"yoast-schema-graph\">{\"@context\":\"https:\/\/schema.org\",\"@graph\":[{\"@type\":\"Article\",\"@id\":\"https:\/\/www.italyfamilyhotels.it\/blog\/family-lifestyle\/moda-bambine-primavera-estate-2021-intervista-magil.html#article\",\"isPartOf\":{\"@id\":\"https:\/\/www.italyfamilyhotels.it\/blog\/family-lifestyle\/moda-bambine-primavera-estate-2021-intervista-magil.html\"},\"author\":{\"name\":\"Francesco De Rosa\",\"@id\":\"https:\/\/www.italyfamilyhotels.it\/blog\/#\/schema\/person\/15cb054be82a5b27c98ffac8807f8c6f\"},\"headline\":\"Moda bimbe primavera-estate 2021: colori pastello e dettagli di luce\",\"datePublished\":\"2021-02-01T08:07:00+00:00\",\"dateModified\":\"2022-09-29T14:22:33+00:00\",\"mainEntityOfPage\":{\"@id\":\"https:\/\/www.italyfamilyhotels.it\/blog\/family-lifestyle\/moda-bambine-primavera-estate-2021-intervista-magil.html\"},\"wordCount\":1227,\"commentCount\":0,\"image\":{\"@id\":\"https:\/\/www.italyfamilyhotels.it\/blog\/family-lifestyle\/moda-bambine-primavera-estate-2021-intervista-magil.html#primaryimage\"},\"thumbnailUrl\":\"https:\/\/www.italyfamilyhotels.it\/blog\/wp-content\/uploads\/2021\/01\/Moda-bimbe-primavera-estate-2021-COVER.jpg\",\"keywords\":[\"Moda\"],\"articleSection\":[\"Family Lifestyle\"],\"inLanguage\":\"it-IT\",\"potentialAction\":[{\"@type\":\"CommentAction\",\"name\":\"Comment\",\"target\":[\"https:\/\/www.italyfamilyhotels.it\/blog\/family-lifestyle\/moda-bambine-primavera-estate-2021-intervista-magil.html#respond\"]}]},{\"@type\":\"WebPage\",\"@id\":\"https:\/\/www.italyfamilyhotels.it\/blog\/family-lifestyle\/moda-bambine-primavera-estate-2021-intervista-magil.html\",\"url\":\"https:\/\/www.italyfamilyhotels.it\/blog\/family-lifestyle\/moda-bambine-primavera-estate-2021-intervista-magil.html\",\"name\":\"Moda bimbe primavera-estate 2021: colori pastello e dettagli di luce\",\"isPartOf\":{\"@id\":\"https:\/\/www.italyfamilyhotels.it\/blog\/#website\"},\"primaryImageOfPage\":{\"@id\":\"https:\/\/www.italyfamilyhotels.it\/blog\/family-lifestyle\/moda-bambine-primavera-estate-2021-intervista-magil.html#primaryimage\"},\"image\":{\"@id\":\"https:\/\/www.italyfamilyhotels.it\/blog\/family-lifestyle\/moda-bambine-primavera-estate-2021-intervista-magil.html#primaryimage\"},\"thumbnailUrl\":\"https:\/\/www.italyfamilyhotels.it\/blog\/wp-content\/uploads\/2021\/01\/Moda-bimbe-primavera-estate-2021-COVER.jpg\",\"datePublished\":\"2021-02-01T08:07:00+00:00\",\"dateModified\":\"2022-09-29T14:22:33+00:00\",\"author\":{\"@id\":\"https:\/\/www.italyfamilyhotels.it\/blog\/#\/schema\/person\/15cb054be82a5b27c98ffac8807f8c6f\"},\"description\":\"Moda bimbe primavera-estate 2021, abiti, colori e scarpe. intervista a Maria Chiara Maggi della linea made in Italy Magil\",\"breadcrumb\":{\"@id\":\"https:\/\/www.italyfamilyhotels.it\/blog\/family-lifestyle\/moda-bambine-primavera-estate-2021-intervista-magil.html#breadcrumb\"},\"inLanguage\":\"it-IT\",\"potentialAction\":[{\"@type\":\"ReadAction\",\"target\":[\"https:\/\/www.italyfamilyhotels.it\/blog\/family-lifestyle\/moda-bambine-primavera-estate-2021-intervista-magil.html\"]}]},{\"@type\":\"ImageObject\",\"inLanguage\":\"it-IT\",\"@id\":\"https:\/\/www.italyfamilyhotels.it\/blog\/family-lifestyle\/moda-bambine-primavera-estate-2021-intervista-magil.html#primaryimage\",\"url\":\"https:\/\/www.italyfamilyhotels.it\/blog\/wp-content\/uploads\/2021\/01\/Moda-bimbe-primavera-estate-2021-COVER.jpg\",\"contentUrl\":\"https:\/\/www.italyfamilyhotels.it\/blog\/wp-content\/uploads\/2021\/01\/Moda-bimbe-primavera-estate-2021-COVER.jpg\",\"width\":300,\"height\":200,\"caption\":\"bambine salto di gioia vestiti primaverili gialli\"},{\"@type\":\"BreadcrumbList\",\"@id\":\"https:\/\/www.italyfamilyhotels.it\/blog\/family-lifestyle\/moda-bambine-primavera-estate-2021-intervista-magil.html#breadcrumb\",\"itemListElement\":[{\"@type\":\"ListItem\",\"position\":1,\"name\":\"Home\",\"item\":\"https:\/\/www.italyfamilyhotels.it\/blog\"},{\"@type\":\"ListItem\",\"position\":2,\"name\":\"Family Lifestyle\",\"item\":\"https:\/\/www.italyfamilyhotels.it\/blog\/family-lifestyle\"},{\"@type\":\"ListItem\",\"position\":3,\"name\":\"Moda bimbe primavera-estate 2021: colori pastello e dettagli di luce\"}]},{\"@type\":\"WebSite\",\"@id\":\"https:\/\/www.italyfamilyhotels.it\/blog\/#website\",\"url\":\"https:\/\/www.italyfamilyhotels.it\/blog\/\",\"name\":\"Family Travel Blog\",\"description\":\"Italy Family Hotels\",\"potentialAction\":[{\"@type\":\"SearchAction\",\"target\":{\"@type\":\"EntryPoint\",\"urlTemplate\":\"https:\/\/www.italyfamilyhotels.it\/blog\/?s={search_term_string}\"},\"query-input\":{\"@type\":\"PropertyValueSpecification\",\"valueRequired\":true,\"valueName\":\"search_term_string\"}}],\"inLanguage\":\"it-IT\"},{\"@type\":\"Person\",\"@id\":\"https:\/\/www.italyfamilyhotels.it\/blog\/#\/schema\/person\/15cb054be82a5b27c98ffac8807f8c6f\",\"name\":\"Francesco De Rosa\",\"image\":{\"@type\":\"ImageObject\",\"inLanguage\":\"it-IT\",\"@id\":\"https:\/\/www.italyfamilyhotels.it\/blog\/#\/schema\/person\/image\/\",\"url\":\"https:\/\/secure.gravatar.com\/avatar\/3970a926bc1031a66c7c95558f173dfe880f0565236f1963bb40176c6e740601?s=96&d=mm&r=g\",\"contentUrl\":\"https:\/\/secure.gravatar.com\/avatar\/3970a926bc1031a66c7c95558f173dfe880f0565236f1963bb40176c6e740601?s=96&d=mm&r=g\",\"caption\":\"Francesco De Rosa\"},\"description\":\"www.viaggiapiccoli.com\",\"sameAs\":[\"http:\/\/www.viaggiapiccoli.com\/\"],\"url\":\"https:\/\/www.italyfamilyhotels.it\/blog\/author\/cristinafrancesco\"}]}<\/script>\n<!-- \/ Yoast SEO plugin. -->","yoast_head_json":{"title":"Moda bimbe primavera-estate 2021: colori pastello e dettagli di luce","description":"Moda bimbe primavera-estate 2021, abiti, colori e scarpe. intervista a Maria Chiara Maggi della linea made in Italy Magil","robots":{"index":"index","follow":"follow","max-snippet":"max-snippet:-1","max-image-preview":"max-image-preview:large","max-video-preview":"max-video-preview:-1"},"canonical":"https:\/\/www.italyfamilyhotels.it\/blog\/family-lifestyle\/moda-bambine-primavera-estate-2021-intervista-magil.html","og_locale":"it_IT","og_type":"article","og_title":"Moda bimbe primavera-estate 2021: colori pastello e dettagli di luce","og_description":"Moda bimbe primavera-estate 2021, abiti, colori e scarpe. intervista a Maria Chiara Maggi della linea made in Italy Magil","og_url":"https:\/\/www.italyfamilyhotels.it\/blog\/family-lifestyle\/moda-bambine-primavera-estate-2021-intervista-magil.html","og_site_name":"Family Travel Blog","article_published_time":"2021-02-01T08:07:00+00:00","article_modified_time":"2022-09-29T14:22:33+00:00","og_image":[{"width":300,"height":200,"url":"https:\/\/www.italyfamilyhotels.it\/blog\/wp-content\/uploads\/2021\/01\/Moda-bimbe-primavera-estate-2021-COVER.jpg","type":"image\/jpeg"}],"author":"Francesco De Rosa","twitter_misc":{"Scritto da":"Francesco De Rosa","Tempo di lettura stimato":"8 minuti"},"schema":{"@context":"https:\/\/schema.org","@graph":[{"@type":"Article","@id":"https:\/\/www.italyfamilyhotels.it\/blog\/family-lifestyle\/moda-bambine-primavera-estate-2021-intervista-magil.html#article","isPartOf":{"@id":"https:\/\/www.italyfamilyhotels.it\/blog\/family-lifestyle\/moda-bambine-primavera-estate-2021-intervista-magil.html"},"author":{"name":"Francesco De Rosa","@id":"https:\/\/www.italyfamilyhotels.it\/blog\/#\/schema\/person\/15cb054be82a5b27c98ffac8807f8c6f"},"headline":"Moda bimbe primavera-estate 2021: colori pastello e dettagli di luce","datePublished":"2021-02-01T08:07:00+00:00","dateModified":"2022-09-29T14:22:33+00:00","mainEntityOfPage":{"@id":"https:\/\/www.italyfamilyhotels.it\/blog\/family-lifestyle\/moda-bambine-primavera-estate-2021-intervista-magil.html"},"wordCount":1227,"commentCount":0,"image":{"@id":"https:\/\/www.italyfamilyhotels.it\/blog\/family-lifestyle\/moda-bambine-primavera-estate-2021-intervista-magil.html#primaryimage"},"thumbnailUrl":"https:\/\/www.italyfamilyhotels.it\/blog\/wp-content\/uploads\/2021\/01\/Moda-bimbe-primavera-estate-2021-COVER.jpg","keywords":["Moda"],"articleSection":["Family Lifestyle"],"inLanguage":"it-IT","potentialAction":[{"@type":"CommentAction","name":"Comment","target":["https:\/\/www.italyfamilyhotels.it\/blog\/family-lifestyle\/moda-bambine-primavera-estate-2021-intervista-magil.html#respond"]}]},{"@type":"WebPage","@id":"https:\/\/www.italyfamilyhotels.it\/blog\/family-lifestyle\/moda-bambine-primavera-estate-2021-intervista-magil.html","url":"https:\/\/www.italyfamilyhotels.it\/blog\/family-lifestyle\/moda-bambine-primavera-estate-2021-intervista-magil.html","name":"Moda bimbe primavera-estate 2021: colori pastello e dettagli di luce","isPartOf":{"@id":"https:\/\/www.italyfamilyhotels.it\/blog\/#website"},"primaryImageOfPage":{"@id":"https:\/\/www.italyfamilyhotels.it\/blog\/family-lifestyle\/moda-bambine-primavera-estate-2021-intervista-magil.html#primaryimage"},"image":{"@id":"https:\/\/www.italyfamilyhotels.it\/blog\/family-lifestyle\/moda-bambine-primavera-estate-2021-intervista-magil.html#primaryimage"},"thumbnailUrl":"https:\/\/www.italyfamilyhotels.it\/blog\/wp-content\/uploads\/2021\/01\/Moda-bimbe-primavera-estate-2021-COVER.jpg","datePublished":"2021-02-01T08:07:00+00:00","dateModified":"2022-09-29T14:22:33+00:00","author":{"@id":"https:\/\/www.italyfamilyhotels.it\/blog\/#\/schema\/person\/15cb054be82a5b27c98ffac8807f8c6f"},"description":"Moda bimbe primavera-estate 2021, abiti, colori e scarpe. intervista a Maria Chiara Maggi della linea made in Italy Magil","breadcrumb":{"@id":"https:\/\/www.italyfamilyhotels.it\/blog\/family-lifestyle\/moda-bambine-primavera-estate-2021-intervista-magil.html#breadcrumb"},"inLanguage":"it-IT","potentialAction":[{"@type":"ReadAction","target":["https:\/\/www.italyfamilyhotels.it\/blog\/family-lifestyle\/moda-bambine-primavera-estate-2021-intervista-magil.html"]}]},{"@type":"ImageObject","inLanguage":"it-IT","@id":"https:\/\/www.italyfamilyhotels.it\/blog\/family-lifestyle\/moda-bambine-primavera-estate-2021-intervista-magil.html#primaryimage","url":"https:\/\/www.italyfamilyhotels.it\/blog\/wp-content\/uploads\/2021\/01\/Moda-bimbe-primavera-estate-2021-COVER.jpg","contentUrl":"https:\/\/www.italyfamilyhotels.it\/blog\/wp-content\/uploads\/2021\/01\/Moda-bimbe-primavera-estate-2021-COVER.jpg","width":300,"height":200,"caption":"bambine salto di gioia vestiti primaverili gialli"},{"@type":"BreadcrumbList","@id":"https:\/\/www.italyfamilyhotels.it\/blog\/family-lifestyle\/moda-bambine-primavera-estate-2021-intervista-magil.html#breadcrumb","itemListElement":[{"@type":"ListItem","position":1,"name":"Home","item":"https:\/\/www.italyfamilyhotels.it\/blog"},{"@type":"ListItem","position":2,"name":"Family Lifestyle","item":"https:\/\/www.italyfamilyhotels.it\/blog\/family-lifestyle"},{"@type":"ListItem","position":3,"name":"Moda bimbe primavera-estate 2021: colori pastello e dettagli di luce"}]},{"@type":"WebSite","@id":"https:\/\/www.italyfamilyhotels.it\/blog\/#website","url":"https:\/\/www.italyfamilyhotels.it\/blog\/","name":"Family Travel Blog","description":"Italy Family Hotels","potentialAction":[{"@type":"SearchAction","target":{"@type":"EntryPoint","urlTemplate":"https:\/\/www.italyfamilyhotels.it\/blog\/?s={search_term_string}"},"query-input":{"@type":"PropertyValueSpecification","valueRequired":true,"valueName":"search_term_string"}}],"inLanguage":"it-IT"},{"@type":"Person","@id":"https:\/\/www.italyfamilyhotels.it\/blog\/#\/schema\/person\/15cb054be82a5b27c98ffac8807f8c6f","name":"Francesco De Rosa","image":{"@type":"ImageObject","inLanguage":"it-IT","@id":"https:\/\/www.italyfamilyhotels.it\/blog\/#\/schema\/person\/image\/","url":"https:\/\/secure.gravatar.com\/avatar\/3970a926bc1031a66c7c95558f173dfe880f0565236f1963bb40176c6e740601?s=96&d=mm&r=g","contentUrl":"https:\/\/secure.gravatar.com\/avatar\/3970a926bc1031a66c7c95558f173dfe880f0565236f1963bb40176c6e740601?s=96&d=mm&r=g","caption":"Francesco De Rosa"},"description":"www.viaggiapiccoli.com","sameAs":["http:\/\/www.viaggiapiccoli.com\/"],"url":"https:\/\/www.italyfamilyhotels.it\/blog\/author\/cristinafrancesco"}]}},"_links":{"self":[{"href":"https:\/\/www.italyfamilyhotels.it\/blog\/wp-json\/wp\/v2\/posts\/5195","targetHints":{"allow":["GET"]}}],"collection":[{"href":"https:\/\/www.italyfamilyhotels.it\/blog\/wp-json\/wp\/v2\/posts"}],"about":[{"href":"https:\/\/www.italyfamilyhotels.it\/blog\/wp-json\/wp\/v2\/types\/post"}],"author":[{"embeddable":true,"href":"https:\/\/www.italyfamilyhotels.it\/blog\/wp-json\/wp\/v2\/users\/535"}],"replies":[{"embeddable":true,"href":"https:\/\/www.italyfamilyhotels.it\/blog\/wp-json\/wp\/v2\/comments?post=5195"}],"version-history":[{"count":12,"href":"https:\/\/www.italyfamilyhotels.it\/blog\/wp-json\/wp\/v2\/posts\/5195\/revisions"}],"predecessor-version":[{"id":7845,"href":"https:\/\/www.italyfamilyhotels.it\/blog\/wp-json\/wp\/v2\/posts\/5195\/revisions\/7845"}],"wp:featuredmedia":[{"embeddable":true,"href":"https:\/\/www.italyfamilyhotels.it\/blog\/wp-json\/wp\/v2\/media\/5206"}],"wp:attachment":[{"href":"https:\/\/www.italyfamilyhotels.it\/blog\/wp-json\/wp\/v2\/media?parent=5195"}],"wp:term":[{"taxonomy":"category","embeddable":true,"href":"https:\/\/www.italyfamilyhotels.it\/blog\/wp-json\/wp\/v2\/categories?post=5195"},{"taxonomy":"post_tag","embeddable":true,"href":"https:\/\/www.italyfamilyhotels.it\/blog\/wp-json\/wp\/v2\/tags?post=5195"}],"curies":[{"name":"wp","href":"https:\/\/api.w.org\/{rel}","templated":true}]}}