{"id":5160,"date":"2021-01-27T07:04:00","date_gmt":"2021-01-27T06:04:00","guid":{"rendered":"https:\/\/www.italyfamilyhotels.it\/blog\/?p=5160"},"modified":"2022-10-13T10:07:33","modified_gmt":"2022-10-13T08:07:33","slug":"alagna-valsesia-con-bambini","status":"publish","type":"post","link":"https:\/\/www.italyfamilyhotels.it\/blog\/in-montagna\/alagna-valsesia-con-bambini.html","title":{"rendered":"Alla scoperta di Alagna Valsesia, ai piedi del Monte Rosa"},"content":{"rendered":"\n<p>Una vacanza in famiglia \u00e8 tante cose: \u00e8 divertimento, \u00e8 relax, \u00e8 stare bene insieme ed \u00e8 (meritato!) riposo. Ma \u00e8 anche scoperta. La scoperta di paesaggi nuovi che con la loro bellezza permettono di ricaricare le batterie, quella di sapori mai provati prima, da gustare lentamente per immergersi dentro alla loro bont\u00e0, e di tradizioni antiche, che fanno fare un tuffo nel passato pur restando ben ancorati con i piedi a terra.<\/p>\n\n\n\n<p>Ecco, se quello che hai in mente \u00e8 <strong>una vacanza di scoperta <\/strong>insieme ai tuoi bambini la meta che fa per te<strong> <\/strong>\u00e8<strong> Alagna Valsesia<\/strong>, per vivere la meraviglia della montagna e conoscere la <strong>cultura Walser<\/strong>.<\/p>\n\n\n\n<div class=\"wp-block-group\"><div class=\"wp-block-group__inner-container is-layout-flow wp-block-group-is-layout-flow\">\n<figure class=\"wp-block-image size-large\"><img loading=\"lazy\" decoding=\"async\" width=\"1024\" height=\"683\" src=\"https:\/\/www.italyfamilyhotels.it\/blog\/wp-content\/uploads\/2021\/01\/Fiume-Sesia-1-1024x683.jpg\" alt=\"Fiume Sesia e casa Walser\" class=\"wp-image-5172\" title=\" casa Walser sul Fiume Sesia\" srcset=\"https:\/\/www.italyfamilyhotels.it\/blog\/wp-content\/uploads\/2021\/01\/Fiume-Sesia-1-1024x683.jpg 1024w, https:\/\/www.italyfamilyhotels.it\/blog\/wp-content\/uploads\/2021\/01\/Fiume-Sesia-1-300x200.jpg 300w, https:\/\/www.italyfamilyhotels.it\/blog\/wp-content\/uploads\/2021\/01\/Fiume-Sesia-1-768x512.jpg 768w, https:\/\/www.italyfamilyhotels.it\/blog\/wp-content\/uploads\/2021\/01\/Fiume-Sesia-1.jpg 1200w\" sizes=\"auto, (max-width: 1024px) 100vw, 1024px\" \/><\/figure>\n<\/div><\/div>\n\n\n\n<h2 class=\"wp-block-heading\">Vacanza a Alagna Valsesia con bambini, tutto quello che c\u2019\u00e8 da scoprire<\/h2>\n\n\n\n<p><strong>Alagna Valsesia \u00e8 un minuscolo paesino piemontese<\/strong>. Meno di mille abitanti e il massiccio del Monte Rosa a fare da cornice a questo comune montano che confina con la Valle D\u2019Aosta, la Svizzera e il Cantone Vallese. <\/p>\n\n\n\n<p>Il suo territorio fa parte del<strong> Parco Naturale dell\u2019Alta Valsesia <\/strong>istituito nel 1979. Il parco \u00e8 il pi\u00f9 alto d\u2019Europa e si sviluppa dai 880 m di Fobello ai 4554 m della Punta Gnifetti.  Il massiccio del<strong> Monte Rosa <\/strong>domina questo meraviglioso paesaggio, caratterizzato da emozionanti ghiacciai e verdi vallate.<\/p>\n\n\n\n<p>Da queste parti, le cose da fare insieme ai bambini non mancano, n\u00e9 in inverno n\u00e9 in estate. Avendone la possibilit\u00e0, Alagna \u00e8 una destinazione da scoprire 365 giorni all&#8217;anno!<\/p>\n\n\n\n<figure class=\"wp-block-image size-large\"><img loading=\"lazy\" decoding=\"async\" width=\"1024\" height=\"683\" src=\"https:\/\/www.italyfamilyhotels.it\/blog\/wp-content\/uploads\/2021\/01\/case-walser-valsesia-1024x683.jpg\" alt=\"casa tipica di Alagna\" class=\"wp-image-5192\" title=\"casa tipica della Valsesia\" srcset=\"https:\/\/www.italyfamilyhotels.it\/blog\/wp-content\/uploads\/2021\/01\/case-walser-valsesia-1024x683.jpg 1024w, https:\/\/www.italyfamilyhotels.it\/blog\/wp-content\/uploads\/2021\/01\/case-walser-valsesia-300x200.jpg 300w, https:\/\/www.italyfamilyhotels.it\/blog\/wp-content\/uploads\/2021\/01\/case-walser-valsesia-768x512.jpg 768w, https:\/\/www.italyfamilyhotels.it\/blog\/wp-content\/uploads\/2021\/01\/case-walser-valsesia-1536x1024.jpg 1536w, https:\/\/www.italyfamilyhotels.it\/blog\/wp-content\/uploads\/2021\/01\/case-walser-valsesia.jpg 1900w\" sizes=\"auto, (max-width: 1024px) 100vw, 1024px\" \/><\/figure>\n\n\n\n<h3 class=\"wp-block-heading\">Vacanze invernali ad Alagna<\/h3>\n\n\n\n<p>Durante <strong>l\u2019inverno <\/strong>sono moltissime le famiglie che scelgono <strong>Alagna Valsesia<\/strong> per godersi la neve insieme ai pi\u00f9 piccoli. Che siano <strong>ciaspole<\/strong>, <strong>pattini <\/strong>oppure sci poco importa: il divertimento in zona \u00e8 assicurato! Oltre alle <strong>piste da sci <\/strong>servite da moderni impianti di risalita, piste adatte all&#8217;avviamento dello sci e quelle per le famiglie pi\u00f9 esperte. Inoltre, si pu\u00f2 praticare <strong>sci di fondo<\/strong>, divertirsi con trekking su percorsi innevati e scatenarsi sulle piste da pattinaggio.<\/p>\n\n\n\n<figure class=\"wp-block-image size-large\"><img loading=\"lazy\" decoding=\"async\" width=\"1024\" height=\"683\" src=\"https:\/\/www.italyfamilyhotels.it\/blog\/wp-content\/uploads\/2021\/01\/valsesia-vacanza-invernale-1024x683.jpg\" alt=\"Valsesia in inverno\" class=\"wp-image-5163\" title=\"Vacanze invernali ad Alagna\" srcset=\"https:\/\/www.italyfamilyhotels.it\/blog\/wp-content\/uploads\/2021\/01\/valsesia-vacanza-invernale-1024x683.jpg 1024w, https:\/\/www.italyfamilyhotels.it\/blog\/wp-content\/uploads\/2021\/01\/valsesia-vacanza-invernale-300x200.jpg 300w, https:\/\/www.italyfamilyhotels.it\/blog\/wp-content\/uploads\/2021\/01\/valsesia-vacanza-invernale-768x512.jpg 768w, https:\/\/www.italyfamilyhotels.it\/blog\/wp-content\/uploads\/2021\/01\/valsesia-vacanza-invernale.jpg 1500w\" sizes=\"auto, (max-width: 1024px) 100vw, 1024px\" \/><\/figure>\n\n\n\n<h3 class=\"wp-block-heading\">L&#8217;estate in Valsesia con i bambini<\/h3>\n\n\n\n<p>La stagione pi\u00f9 bella per ammirare il <strong>Parco Naturale Alta Valsesia<\/strong> \u00e8 sicuramente l\u2019estate. Tra queste montagne si possono praticare<strong> tanti sport, dall\u2019arrampicata <\/strong>alla <strong>bike <\/strong>fino alla <strong>pesca<\/strong>, senza dimenticare sport pi\u00f9 avventurosi come il <strong>rafting<\/strong>, <strong>l\u2019hydrospeed<\/strong>, il <strong>kayak <\/strong>e il <strong>torrentismo<\/strong>. Per non parlare ovviamente dei tanti percorsi da <strong>trekking<\/strong>, uno pi\u00f9 bello ed emozionante dell\u2019altro.<\/p>\n\n\n\n<figure class=\"wp-block-image size-large\"><img loading=\"lazy\" decoding=\"async\" width=\"935\" height=\"556\" src=\"https:\/\/www.italyfamilyhotels.it\/blog\/wp-content\/uploads\/2021\/01\/kayak-Battesimo-del-fiume-Sesia.jpg\" alt=\"kayak in val sesia\" class=\"wp-image-5168\" title=\"Battesimo kayak in val sesia\" srcset=\"https:\/\/www.italyfamilyhotels.it\/blog\/wp-content\/uploads\/2021\/01\/kayak-Battesimo-del-fiume-Sesia.jpg 935w, https:\/\/www.italyfamilyhotels.it\/blog\/wp-content\/uploads\/2021\/01\/kayak-Battesimo-del-fiume-Sesia-300x178.jpg 300w, https:\/\/www.italyfamilyhotels.it\/blog\/wp-content\/uploads\/2021\/01\/kayak-Battesimo-del-fiume-Sesia-768x457.jpg 768w\" sizes=\"auto, (max-width: 935px) 100vw, 935px\" \/><\/figure>\n\n\n\n<p>Se ami camminare un classico insieme ai bambini \u00e8 <strong>la passeggiata fino all\u2019Alpe di Pile e al Rifugio Pastore,<\/strong> ai piedi della spettacolare parete sud del <strong>Monte Rosa<\/strong>. Il dislivello \u00e8 di circa 300 metri e in un&#8217;ora di cammino, seguendo l&#8217;itinerario n\u00b0 206 che inizia subito dopo la Cappella di S. Antonio, a circa 4 km da Alagna.  Si percorre una lunga scalinata di 350 gradini al termine della quale si apre l\u2019ampia distesa dei <strong>prati dell\u2019alpe Pile<\/strong> con la spettacolare vista sulla parete valsesiana del Monte Rosa.<\/p>\n\n\n\n<figure class=\"wp-block-image size-large\"><img loading=\"lazy\" decoding=\"async\" width=\"1024\" height=\"683\" src=\"https:\/\/www.italyfamilyhotels.it\/blog\/wp-content\/uploads\/2021\/01\/valsesia-vacanza-estiva-1024x683.jpg\" alt=\"Sport in Valsesia\" class=\"wp-image-5165\" title=\"bike in Valsesia\" srcset=\"https:\/\/www.italyfamilyhotels.it\/blog\/wp-content\/uploads\/2021\/01\/valsesia-vacanza-estiva-1024x683.jpg 1024w, https:\/\/www.italyfamilyhotels.it\/blog\/wp-content\/uploads\/2021\/01\/valsesia-vacanza-estiva-300x200.jpg 300w, https:\/\/www.italyfamilyhotels.it\/blog\/wp-content\/uploads\/2021\/01\/valsesia-vacanza-estiva-768x512.jpg 768w, https:\/\/www.italyfamilyhotels.it\/blog\/wp-content\/uploads\/2021\/01\/valsesia-vacanza-estiva.jpg 1500w\" sizes=\"auto, (max-width: 1024px) 100vw, 1024px\" \/><\/figure>\n\n\n\n<p>A <strong>Pedemonte<\/strong>, la frazione pi\u00f9 antica di Alagna, poi c\u2019\u00e8 una sorpresa: la possibilit\u00e0 di visitare un vero nucleo di abitazioni Walser, al Museo Walser di Alagna.<\/p>\n\n\n\n<p>La <strong>cultura Walser <\/strong>\u00e8 infatti una delle belle scoperte che possiamo fare a Alagna Valsesia insieme ai bambini, per rendere ancora pi\u00f9 ricca di emozioni una vacanza tutti insieme.<\/p>\n\n\n\n<h2 class=\"wp-block-heading\">La cultura Walser in Valsesia<\/h2>\n\n\n\n<p>La storia di Alagna Valsesia, ormai secoli fa, si \u00e8 intrecciata con quella <strong>di un popolo di origine germanica, i Walser<\/strong>. Discendenti dagli antichi Sassoni questa popolazione inizi\u00f2 a spostarsi nel VII secolo verso il Vallese per poi arrivare, alcune centinaia di anni pi\u00f9 tardi, nel territorio italiano.<\/p>\n\n\n\n<p>In Italia comunit\u00e0 Walser sono presenti oltre che<strong> in Valsesia, anche nell&#8217;Ossola e in Valle d&#8217;Aosta<\/strong>, in quella che anticamente era l&#8217;Alta Val d&#8217;Ayas. L&#8217;emigrazione del popolo Walser e la colonizzazione di questi territori risale al XIII secolo e le motivazioni non sono state ancora completamente chiarite dagli studiosi. Probabilmente tra le ragioni c\u2019\u00e8 la sovrappopolazione delle terre dell&#8217;Alto Vallese, che spinse i coloni alla ricerca di nuovi pascoli, insieme agli incentivi offerti dagli antichi signori di queste terre per attirare nuovi abitanti. &nbsp;<\/p>\n\n\n\n<figure class=\"wp-block-image size-large\"><img loading=\"lazy\" decoding=\"async\" width=\"1024\" height=\"683\" src=\"https:\/\/www.italyfamilyhotels.it\/blog\/wp-content\/uploads\/2021\/01\/case-walser-Pedemonte-1024x683.jpg\" alt=\"pedemonte in Valsesia\" class=\"wp-image-5167\" title=\"Case Walser a Pedemonte\" srcset=\"https:\/\/www.italyfamilyhotels.it\/blog\/wp-content\/uploads\/2021\/01\/case-walser-Pedemonte-1024x683.jpg 1024w, https:\/\/www.italyfamilyhotels.it\/blog\/wp-content\/uploads\/2021\/01\/case-walser-Pedemonte-300x200.jpg 300w, https:\/\/www.italyfamilyhotels.it\/blog\/wp-content\/uploads\/2021\/01\/case-walser-Pedemonte-768x512.jpg 768w, https:\/\/www.italyfamilyhotels.it\/blog\/wp-content\/uploads\/2021\/01\/case-walser-Pedemonte.jpg 1200w\" sizes=\"auto, (max-width: 1024px) 100vw, 1024px\" \/><\/figure>\n\n\n\n<h3 class=\"wp-block-heading\">Tradizioni e leggende Walser<\/h3>\n\n\n\n<p><strong>L\u2019antica cultura Walser \u00e8 tramandata di generazione in generazione<\/strong>, attraverso <strong>storie <\/strong>raccontate attorno al fuoco nelle lunghe notti dell\u2019inverno montano.<strong> Tradizioni <\/strong>di una popolazione di origine contadina, con forte spirito di comunit\u00e0 e caratterizzata da una spiritualit\u00e0 profonda, evidente in<strong> riti molto intensi<\/strong>.<\/p>\n\n\n\n<p>La tradizione Walser \u00e8 ricca <strong>di tante leggende<\/strong> che i bambini saranno felici di scoprire e conoscere. Tra queste c\u2019\u00e8 la leggenda del \u201c<strong>Sasso del diavolo<\/strong> &#8211; Der \u201cPrebet stai\u201d, un enorme masso che si trova nella valle dell\u2019Olen tra il colle e Pianalunga, riconoscibile per una spaccatura annerita. Secondo la leggenda il diavolo voleva utilizzare questa pietra per distruggere la chiesa di Gressoney. Il suo piano funesto venne per\u00f2 interrotto da un angelo del Signore e il demonio, preso dall\u2019ira colp\u00ec la pietra che cominci\u00f2 a rotolare verso Alagna, per fortuna fermandosi senza causare danni.<\/p>\n\n\n\n<p>Le curiosit\u00e0 da scoprire sono molte<strong> <\/strong>e anche <strong>gli abiti hanno un significato nella cultura Walser<\/strong>. <br>Il <strong>costume tradizionale <\/strong>\u00e8 <strong>nero <\/strong>ma caratterizzato dai bellissimi <strong>grembiuli colorati e ricamati<\/strong>. Il colore del grembiule, azzurro, viola o bianco, indica lo stato civile di chi lo indossa. Invece il nero \u00e8 legato alla storia di questo popolo: si narra infatti che venne adottato a partire dalla met\u00e0 del 1800 per ricordare un fatto tragico. Durante una lunga marcia attraverso le Alpi, alcuni emigranti furono travolti da una slavina di neve, lasciando nel lutto molte famiglie di Alagna, che iniziarono a indossare abiti neri.<\/p>\n\n\n\n<p>Una delle colonie in Valsesia era infatti proprio ad Alagna, dove oggi i bambini possono scoprire tutti i segreti di questa popolazione al <strong>Museo Walser<\/strong>, rivivendo il passato della valle. Un modo per rendere ancora pi\u00f9 indimenticabile una vacanza ad Alagna in famiglia.<\/p>\n\n\n\n<figure class=\"wp-block-image size-large\"><img loading=\"lazy\" decoding=\"async\" width=\"1024\" height=\"683\" src=\"https:\/\/www.italyfamilyhotels.it\/blog\/wp-content\/uploads\/2021\/01\/casa-walser-alagna-valsesia-1024x683.jpg\" alt=\"casa Walser ad Alagna\" class=\"wp-image-5189\" title=\"casa walser ad Alagna in Valsesia\" srcset=\"https:\/\/www.italyfamilyhotels.it\/blog\/wp-content\/uploads\/2021\/01\/casa-walser-alagna-valsesia-1024x683.jpg 1024w, https:\/\/www.italyfamilyhotels.it\/blog\/wp-content\/uploads\/2021\/01\/casa-walser-alagna-valsesia-300x200.jpg 300w, https:\/\/www.italyfamilyhotels.it\/blog\/wp-content\/uploads\/2021\/01\/casa-walser-alagna-valsesia-768x512.jpg 768w, https:\/\/www.italyfamilyhotels.it\/blog\/wp-content\/uploads\/2021\/01\/casa-walser-alagna-valsesia-1536x1024.jpg 1536w, https:\/\/www.italyfamilyhotels.it\/blog\/wp-content\/uploads\/2021\/01\/casa-walser-alagna-valsesia.jpg 1900w\" sizes=\"auto, (max-width: 1024px) 100vw, 1024px\" \/><\/figure>\n","protected":false},"excerpt":{"rendered":"<p>Una vacanza in famiglia \u00e8 tante cose: \u00e8 divertimento, \u00e8 relax, \u00e8 stare bene insieme ed \u00e8 (meritato!) riposo. Ma &hellip;<\/p>\n","protected":false},"author":7,"featured_media":5169,"comment_status":"open","ping_status":"open","sticky":false,"template":"","format":"standard","meta":{"_acf_changed":false,"footnotes":""},"categories":[4],"tags":[133],"class_list":["post-5160","post","type-post","status-publish","format-standard","has-post-thumbnail","hentry","category-in-montagna","tag-piemonte"],"acf":[],"yoast_head":"<!-- This site is optimized with the Yoast SEO plugin v27.1 - https:\/\/yoast.com\/product\/yoast-seo-wordpress\/ -->\n<title>Alla scoperta di Alagna Valsesia, ai piedi del Monte Rosa<\/title>\n<meta name=\"description\" content=\"Se cerchi una vacanza in montagna con bambini, scopri Alagna Valsesia tra attivit\u00e0 outdoor, relax, buon cibo e la storia della cultura Walser\" \/>\n<meta name=\"robots\" content=\"index, follow, max-snippet:-1, max-image-preview:large, max-video-preview:-1\" \/>\n<link rel=\"canonical\" href=\"https:\/\/www.italyfamilyhotels.it\/blog\/in-montagna\/alagna-valsesia-con-bambini.html\" \/>\n<meta property=\"og:locale\" content=\"it_IT\" \/>\n<meta property=\"og:type\" content=\"article\" \/>\n<meta property=\"og:title\" content=\"Alla scoperta di Alagna Valsesia, ai piedi del Monte Rosa\" \/>\n<meta property=\"og:description\" content=\"Se quello che hai in mente \u00e8 una vacanza di scoperta insieme ai tuoi bambini la meta che fa per te \u00e8 Alagna Valsesia, per vivere la meraviglia della montagna e conoscere la cultura Walser.\" \/>\n<meta property=\"og:url\" content=\"https:\/\/www.italyfamilyhotels.it\/blog\/in-montagna\/alagna-valsesia-con-bambini.html\" \/>\n<meta property=\"og:site_name\" content=\"Family Travel Blog\" \/>\n<meta property=\"article:author\" content=\"https:\/\/www.facebook.com\/francesca.patatofriendly\" \/>\n<meta property=\"article:published_time\" content=\"2021-01-27T06:04:00+00:00\" \/>\n<meta property=\"article:modified_time\" content=\"2022-10-13T08:07:33+00:00\" \/>\n<meta property=\"og:image\" content=\"https:\/\/www.italyfamilyhotels.it\/blog\/wp-content\/uploads\/2021\/01\/case-walser-valsesia.jpg\" \/>\n\t<meta property=\"og:image:width\" content=\"1900\" \/>\n\t<meta property=\"og:image:height\" content=\"1267\" \/>\n\t<meta property=\"og:image:type\" content=\"image\/jpeg\" \/>\n<meta name=\"author\" content=\"Francesca Taioli\" \/>\n<meta name=\"twitter:label1\" content=\"Scritto da\" \/>\n\t<meta name=\"twitter:data1\" content=\"Francesca Taioli\" \/>\n\t<meta name=\"twitter:label2\" content=\"Tempo di lettura stimato\" \/>\n\t<meta name=\"twitter:data2\" content=\"7 minuti\" \/>\n<script type=\"application\/ld+json\" class=\"yoast-schema-graph\">{\"@context\":\"https:\/\/schema.org\",\"@graph\":[{\"@type\":\"Article\",\"@id\":\"https:\/\/www.italyfamilyhotels.it\/blog\/in-montagna\/alagna-valsesia-con-bambini.html#article\",\"isPartOf\":{\"@id\":\"https:\/\/www.italyfamilyhotels.it\/blog\/in-montagna\/alagna-valsesia-con-bambini.html\"},\"author\":{\"name\":\"Francesca Taioli\",\"@id\":\"https:\/\/www.italyfamilyhotels.it\/blog\/#\/schema\/person\/63dabda799d998ecbb6309859e305741\"},\"headline\":\"Alla scoperta di Alagna Valsesia, ai piedi del Monte Rosa\",\"datePublished\":\"2021-01-27T06:04:00+00:00\",\"dateModified\":\"2022-10-13T08:07:33+00:00\",\"mainEntityOfPage\":{\"@id\":\"https:\/\/www.italyfamilyhotels.it\/blog\/in-montagna\/alagna-valsesia-con-bambini.html\"},\"wordCount\":954,\"commentCount\":0,\"image\":{\"@id\":\"https:\/\/www.italyfamilyhotels.it\/blog\/in-montagna\/alagna-valsesia-con-bambini.html#primaryimage\"},\"thumbnailUrl\":\"https:\/\/www.italyfamilyhotels.it\/blog\/wp-content\/uploads\/2021\/01\/natura-valsesia.jpg\",\"keywords\":[\"Piemonte\"],\"articleSection\":[\"In montagna\"],\"inLanguage\":\"it-IT\",\"potentialAction\":[{\"@type\":\"CommentAction\",\"name\":\"Comment\",\"target\":[\"https:\/\/www.italyfamilyhotels.it\/blog\/in-montagna\/alagna-valsesia-con-bambini.html#respond\"]}]},{\"@type\":\"WebPage\",\"@id\":\"https:\/\/www.italyfamilyhotels.it\/blog\/in-montagna\/alagna-valsesia-con-bambini.html\",\"url\":\"https:\/\/www.italyfamilyhotels.it\/blog\/in-montagna\/alagna-valsesia-con-bambini.html\",\"name\":\"Alla scoperta di Alagna Valsesia, ai piedi del Monte Rosa\",\"isPartOf\":{\"@id\":\"https:\/\/www.italyfamilyhotels.it\/blog\/#website\"},\"primaryImageOfPage\":{\"@id\":\"https:\/\/www.italyfamilyhotels.it\/blog\/in-montagna\/alagna-valsesia-con-bambini.html#primaryimage\"},\"image\":{\"@id\":\"https:\/\/www.italyfamilyhotels.it\/blog\/in-montagna\/alagna-valsesia-con-bambini.html#primaryimage\"},\"thumbnailUrl\":\"https:\/\/www.italyfamilyhotels.it\/blog\/wp-content\/uploads\/2021\/01\/natura-valsesia.jpg\",\"datePublished\":\"2021-01-27T06:04:00+00:00\",\"dateModified\":\"2022-10-13T08:07:33+00:00\",\"author\":{\"@id\":\"https:\/\/www.italyfamilyhotels.it\/blog\/#\/schema\/person\/63dabda799d998ecbb6309859e305741\"},\"description\":\"Se cerchi una vacanza in montagna con bambini, scopri Alagna Valsesia tra attivit\u00e0 outdoor, relax, buon cibo e la storia della cultura Walser\",\"breadcrumb\":{\"@id\":\"https:\/\/www.italyfamilyhotels.it\/blog\/in-montagna\/alagna-valsesia-con-bambini.html#breadcrumb\"},\"inLanguage\":\"it-IT\",\"potentialAction\":[{\"@type\":\"ReadAction\",\"target\":[\"https:\/\/www.italyfamilyhotels.it\/blog\/in-montagna\/alagna-valsesia-con-bambini.html\"]}]},{\"@type\":\"ImageObject\",\"inLanguage\":\"it-IT\",\"@id\":\"https:\/\/www.italyfamilyhotels.it\/blog\/in-montagna\/alagna-valsesia-con-bambini.html#primaryimage\",\"url\":\"https:\/\/www.italyfamilyhotels.it\/blog\/wp-content\/uploads\/2021\/01\/natura-valsesia.jpg\",\"contentUrl\":\"https:\/\/www.italyfamilyhotels.it\/blog\/wp-content\/uploads\/2021\/01\/natura-valsesia.jpg\",\"width\":1200,\"height\":800,\"caption\":\"Il Monte Rosa in val Sesia\"},{\"@type\":\"BreadcrumbList\",\"@id\":\"https:\/\/www.italyfamilyhotels.it\/blog\/in-montagna\/alagna-valsesia-con-bambini.html#breadcrumb\",\"itemListElement\":[{\"@type\":\"ListItem\",\"position\":1,\"name\":\"Home\",\"item\":\"https:\/\/www.italyfamilyhotels.it\/blog\"},{\"@type\":\"ListItem\",\"position\":2,\"name\":\"In montagna\",\"item\":\"https:\/\/www.italyfamilyhotels.it\/blog\/in-montagna\"},{\"@type\":\"ListItem\",\"position\":3,\"name\":\"Alla scoperta di Alagna Valsesia, ai piedi del Monte Rosa\"}]},{\"@type\":\"WebSite\",\"@id\":\"https:\/\/www.italyfamilyhotels.it\/blog\/#website\",\"url\":\"https:\/\/www.italyfamilyhotels.it\/blog\/\",\"name\":\"Family Travel Blog\",\"description\":\"Italy Family Hotels\",\"potentialAction\":[{\"@type\":\"SearchAction\",\"target\":{\"@type\":\"EntryPoint\",\"urlTemplate\":\"https:\/\/www.italyfamilyhotels.it\/blog\/?s={search_term_string}\"},\"query-input\":{\"@type\":\"PropertyValueSpecification\",\"valueRequired\":true,\"valueName\":\"search_term_string\"}}],\"inLanguage\":\"it-IT\"},{\"@type\":\"Person\",\"@id\":\"https:\/\/www.italyfamilyhotels.it\/blog\/#\/schema\/person\/63dabda799d998ecbb6309859e305741\",\"name\":\"Francesca Taioli\",\"image\":{\"@type\":\"ImageObject\",\"inLanguage\":\"it-IT\",\"@id\":\"https:\/\/www.italyfamilyhotels.it\/blog\/#\/schema\/person\/image\/\",\"url\":\"https:\/\/secure.gravatar.com\/avatar\/a4849092ab7887df7a529c3d1b282a07499f698ca8d71bfb646e2fefcc4c2abd?s=96&d=mm&r=g\",\"contentUrl\":\"https:\/\/secure.gravatar.com\/avatar\/a4849092ab7887df7a529c3d1b282a07499f698ca8d71bfb646e2fefcc4c2abd?s=96&d=mm&r=g\",\"caption\":\"Francesca Taioli\"},\"description\":\"Brianzola, con la passione per le Langhe e un pezzettino di cuore lasciato in quel di Bergamo, amo viaggiare e condividere questa passione con mio figlio. Mamma di un Patato che sta crescendo in fretta, sono convinta che i viaggi aiutino a crescere e sono certa di aver imparato a farlo leggendo. Per questo ora che sono mamma continuo a viaggiare e leggere, scrivendo i miei racconti di viaggio sul mio blog Patatofriendly.it e anche in forma di fiabe per l\u2019infanzia.\",\"sameAs\":[\"http:\/\/www.patatofriendly.it\",\"https:\/\/www.facebook.com\/francesca.patatofriendly\",\"https:\/\/x.com\/patatofriendly\"],\"url\":\"https:\/\/www.italyfamilyhotels.it\/blog\/author\/francesca\"}]}<\/script>\n<!-- \/ Yoast SEO plugin. -->","yoast_head_json":{"title":"Alla scoperta di Alagna Valsesia, ai piedi del Monte Rosa","description":"Se cerchi una vacanza in montagna con bambini, scopri Alagna Valsesia tra attivit\u00e0 outdoor, relax, buon cibo e la storia della cultura Walser","robots":{"index":"index","follow":"follow","max-snippet":"max-snippet:-1","max-image-preview":"max-image-preview:large","max-video-preview":"max-video-preview:-1"},"canonical":"https:\/\/www.italyfamilyhotels.it\/blog\/in-montagna\/alagna-valsesia-con-bambini.html","og_locale":"it_IT","og_type":"article","og_title":"Alla scoperta di Alagna Valsesia, ai piedi del Monte Rosa","og_description":"Se quello che hai in mente \u00e8 una vacanza di scoperta insieme ai tuoi bambini la meta che fa per te \u00e8 Alagna Valsesia, per vivere la meraviglia della montagna e conoscere la cultura Walser.","og_url":"https:\/\/www.italyfamilyhotels.it\/blog\/in-montagna\/alagna-valsesia-con-bambini.html","og_site_name":"Family Travel Blog","article_author":"https:\/\/www.facebook.com\/francesca.patatofriendly","article_published_time":"2021-01-27T06:04:00+00:00","article_modified_time":"2022-10-13T08:07:33+00:00","og_image":[{"width":1900,"height":1267,"url":"https:\/\/www.italyfamilyhotels.it\/blog\/wp-content\/uploads\/2021\/01\/case-walser-valsesia.jpg","type":"image\/jpeg"}],"author":"Francesca Taioli","twitter_misc":{"Scritto da":"Francesca Taioli","Tempo di lettura stimato":"7 minuti"},"schema":{"@context":"https:\/\/schema.org","@graph":[{"@type":"Article","@id":"https:\/\/www.italyfamilyhotels.it\/blog\/in-montagna\/alagna-valsesia-con-bambini.html#article","isPartOf":{"@id":"https:\/\/www.italyfamilyhotels.it\/blog\/in-montagna\/alagna-valsesia-con-bambini.html"},"author":{"name":"Francesca Taioli","@id":"https:\/\/www.italyfamilyhotels.it\/blog\/#\/schema\/person\/63dabda799d998ecbb6309859e305741"},"headline":"Alla scoperta di Alagna Valsesia, ai piedi del Monte Rosa","datePublished":"2021-01-27T06:04:00+00:00","dateModified":"2022-10-13T08:07:33+00:00","mainEntityOfPage":{"@id":"https:\/\/www.italyfamilyhotels.it\/blog\/in-montagna\/alagna-valsesia-con-bambini.html"},"wordCount":954,"commentCount":0,"image":{"@id":"https:\/\/www.italyfamilyhotels.it\/blog\/in-montagna\/alagna-valsesia-con-bambini.html#primaryimage"},"thumbnailUrl":"https:\/\/www.italyfamilyhotels.it\/blog\/wp-content\/uploads\/2021\/01\/natura-valsesia.jpg","keywords":["Piemonte"],"articleSection":["In montagna"],"inLanguage":"it-IT","potentialAction":[{"@type":"CommentAction","name":"Comment","target":["https:\/\/www.italyfamilyhotels.it\/blog\/in-montagna\/alagna-valsesia-con-bambini.html#respond"]}]},{"@type":"WebPage","@id":"https:\/\/www.italyfamilyhotels.it\/blog\/in-montagna\/alagna-valsesia-con-bambini.html","url":"https:\/\/www.italyfamilyhotels.it\/blog\/in-montagna\/alagna-valsesia-con-bambini.html","name":"Alla scoperta di Alagna Valsesia, ai piedi del Monte Rosa","isPartOf":{"@id":"https:\/\/www.italyfamilyhotels.it\/blog\/#website"},"primaryImageOfPage":{"@id":"https:\/\/www.italyfamilyhotels.it\/blog\/in-montagna\/alagna-valsesia-con-bambini.html#primaryimage"},"image":{"@id":"https:\/\/www.italyfamilyhotels.it\/blog\/in-montagna\/alagna-valsesia-con-bambini.html#primaryimage"},"thumbnailUrl":"https:\/\/www.italyfamilyhotels.it\/blog\/wp-content\/uploads\/2021\/01\/natura-valsesia.jpg","datePublished":"2021-01-27T06:04:00+00:00","dateModified":"2022-10-13T08:07:33+00:00","author":{"@id":"https:\/\/www.italyfamilyhotels.it\/blog\/#\/schema\/person\/63dabda799d998ecbb6309859e305741"},"description":"Se cerchi una vacanza in montagna con bambini, scopri Alagna Valsesia tra attivit\u00e0 outdoor, relax, buon cibo e la storia della cultura Walser","breadcrumb":{"@id":"https:\/\/www.italyfamilyhotels.it\/blog\/in-montagna\/alagna-valsesia-con-bambini.html#breadcrumb"},"inLanguage":"it-IT","potentialAction":[{"@type":"ReadAction","target":["https:\/\/www.italyfamilyhotels.it\/blog\/in-montagna\/alagna-valsesia-con-bambini.html"]}]},{"@type":"ImageObject","inLanguage":"it-IT","@id":"https:\/\/www.italyfamilyhotels.it\/blog\/in-montagna\/alagna-valsesia-con-bambini.html#primaryimage","url":"https:\/\/www.italyfamilyhotels.it\/blog\/wp-content\/uploads\/2021\/01\/natura-valsesia.jpg","contentUrl":"https:\/\/www.italyfamilyhotels.it\/blog\/wp-content\/uploads\/2021\/01\/natura-valsesia.jpg","width":1200,"height":800,"caption":"Il Monte Rosa in val Sesia"},{"@type":"BreadcrumbList","@id":"https:\/\/www.italyfamilyhotels.it\/blog\/in-montagna\/alagna-valsesia-con-bambini.html#breadcrumb","itemListElement":[{"@type":"ListItem","position":1,"name":"Home","item":"https:\/\/www.italyfamilyhotels.it\/blog"},{"@type":"ListItem","position":2,"name":"In montagna","item":"https:\/\/www.italyfamilyhotels.it\/blog\/in-montagna"},{"@type":"ListItem","position":3,"name":"Alla scoperta di Alagna Valsesia, ai piedi del Monte Rosa"}]},{"@type":"WebSite","@id":"https:\/\/www.italyfamilyhotels.it\/blog\/#website","url":"https:\/\/www.italyfamilyhotels.it\/blog\/","name":"Family Travel Blog","description":"Italy Family Hotels","potentialAction":[{"@type":"SearchAction","target":{"@type":"EntryPoint","urlTemplate":"https:\/\/www.italyfamilyhotels.it\/blog\/?s={search_term_string}"},"query-input":{"@type":"PropertyValueSpecification","valueRequired":true,"valueName":"search_term_string"}}],"inLanguage":"it-IT"},{"@type":"Person","@id":"https:\/\/www.italyfamilyhotels.it\/blog\/#\/schema\/person\/63dabda799d998ecbb6309859e305741","name":"Francesca Taioli","image":{"@type":"ImageObject","inLanguage":"it-IT","@id":"https:\/\/www.italyfamilyhotels.it\/blog\/#\/schema\/person\/image\/","url":"https:\/\/secure.gravatar.com\/avatar\/a4849092ab7887df7a529c3d1b282a07499f698ca8d71bfb646e2fefcc4c2abd?s=96&d=mm&r=g","contentUrl":"https:\/\/secure.gravatar.com\/avatar\/a4849092ab7887df7a529c3d1b282a07499f698ca8d71bfb646e2fefcc4c2abd?s=96&d=mm&r=g","caption":"Francesca Taioli"},"description":"Brianzola, con la passione per le Langhe e un pezzettino di cuore lasciato in quel di Bergamo, amo viaggiare e condividere questa passione con mio figlio. Mamma di un Patato che sta crescendo in fretta, sono convinta che i viaggi aiutino a crescere e sono certa di aver imparato a farlo leggendo. Per questo ora che sono mamma continuo a viaggiare e leggere, scrivendo i miei racconti di viaggio sul mio blog Patatofriendly.it e anche in forma di fiabe per l\u2019infanzia.","sameAs":["http:\/\/www.patatofriendly.it","https:\/\/www.facebook.com\/francesca.patatofriendly","https:\/\/x.com\/patatofriendly"],"url":"https:\/\/www.italyfamilyhotels.it\/blog\/author\/francesca"}]}},"_links":{"self":[{"href":"https:\/\/www.italyfamilyhotels.it\/blog\/wp-json\/wp\/v2\/posts\/5160","targetHints":{"allow":["GET"]}}],"collection":[{"href":"https:\/\/www.italyfamilyhotels.it\/blog\/wp-json\/wp\/v2\/posts"}],"about":[{"href":"https:\/\/www.italyfamilyhotels.it\/blog\/wp-json\/wp\/v2\/types\/post"}],"author":[{"embeddable":true,"href":"https:\/\/www.italyfamilyhotels.it\/blog\/wp-json\/wp\/v2\/users\/7"}],"replies":[{"embeddable":true,"href":"https:\/\/www.italyfamilyhotels.it\/blog\/wp-json\/wp\/v2\/comments?post=5160"}],"version-history":[{"count":13,"href":"https:\/\/www.italyfamilyhotels.it\/blog\/wp-json\/wp\/v2\/posts\/5160\/revisions"}],"predecessor-version":[{"id":8285,"href":"https:\/\/www.italyfamilyhotels.it\/blog\/wp-json\/wp\/v2\/posts\/5160\/revisions\/8285"}],"wp:featuredmedia":[{"embeddable":true,"href":"https:\/\/www.italyfamilyhotels.it\/blog\/wp-json\/wp\/v2\/media\/5169"}],"wp:attachment":[{"href":"https:\/\/www.italyfamilyhotels.it\/blog\/wp-json\/wp\/v2\/media?parent=5160"}],"wp:term":[{"taxonomy":"category","embeddable":true,"href":"https:\/\/www.italyfamilyhotels.it\/blog\/wp-json\/wp\/v2\/categories?post=5160"},{"taxonomy":"post_tag","embeddable":true,"href":"https:\/\/www.italyfamilyhotels.it\/blog\/wp-json\/wp\/v2\/tags?post=5160"}],"curies":[{"name":"wp","href":"https:\/\/api.w.org\/{rel}","templated":true}]}}