{"id":290,"date":"2013-11-19T09:19:16","date_gmt":"2013-11-19T08:19:16","guid":{"rendered":"http:\/\/www.italyfamilyhotels.it\/blog\/?p=290"},"modified":"2022-10-13T11:56:28","modified_gmt":"2022-10-13T09:56:28","slug":"montagna-destate-kandersteg","status":"publish","type":"post","link":"https:\/\/www.italyfamilyhotels.it\/blog\/in-montagna\/montagna-destate-kandersteg.html","title":{"rendered":"In montagna d&#8217;estate: Kandersteg"},"content":{"rendered":"<p>Ogni estate, da circa 5 anni, passiamo almeno una settimana in montagna. La scelta della localit\u00e0 \u00e8 legata alla famiglia di mio marito, che ha vissuto gran parte delle sue vacanze estive proprio in questo posto. A met\u00e0 agosto quindi, si parte per Kandersteg, piccolo paesino dell&#8217;Oberland bernese, situato in una valle, circondato da alte montagne i cui nomi sto ancora imparando a ricordare. E&#8217; bastata un&#8217;estate per farmi amare questo posto. I bimbi si divertono sempre tantissimo, circondati da prati immensi, parchetti gioco a disposizione in ogni angolo, cavalli e mucche che pascolano dietro alle staccionate in paese. Le case, gli alberghi, qualunque edificio, ha una struttura a chalet, sempre decorato da fiori e circondati da bellissimi giardini (tenuti come, diciamolo, solo gli svizzeri sanno fare).<br \/>\nIl perch\u00e8 della nostra scelta di andare in montagna nel periodo estivo \u00e8 presto detto: \u00e8 il desiderio di vivere luoghi incantevoli, lontano dalla pazza folla di ferragosto, nel quale l&#8217;unico pensiero \u00e8 la scelta del luogo dove fare una gita o un pic nic. In particolare per me, che non parlo una parola di tedesco, Kandersteg rappresenta un distacco totale dalla realt\u00e0 di casa.<br \/>\nCerto la montagna in estate pu\u00f2 riservare giornate splendide ma anche giorni di pioggia e freddo. Nessun dubbio sul fatto che in ogni situazione, le attivit\u00e0 da proporre ai bimbi sono tantissime. Ecco qualche piccola indicazione.<br \/>\nChe fare se c&#8217;\u00e8 il sole? Beh, sicuramente passeggiate e gite varie. Ma visto che abbiamo a che fare con dei bimbi, non \u00e8 detto che la proposta di fare una passeggiata per vedere un bel lago blu in mezzo alle vette sia necessariamente uno stimolo sufficiente. Ecco quindi che il segreto sta nel dare un obiettivo al piccolo (diciamo al di sopra dei 2\/3 anni, visto che pi\u00f9 piccoli possono essere semplicemente trasportati con passeggini o zaini appositi). Se ci prefiggiamo una gita in alta montagna, sicuramente il pic nic (pranzo o merenda) potrebbe essere un motivo valido per farli camminare senza troppe lamentele. La cosa importante da ricordare \u00e8 che il loro passo non sar\u00e0 mai al pari del nostro. E&#8217; perfettamente inutile, a mio parere, imporre camminate pesanti, lunghe e troppo in salita. E teniamo il loro ritmo, mi raccomando!<br \/>\nUn&#8217;altra meta potrebbe anche essere una passeggiata nel bosco, in mezzo al verde. In questo caso procuratevi un cestino dove poter mettere tutti i mirtilli, fragoline, ecc. che riuscirete a raccogliere con i vostri bimbi, senza dimenticarvi di assaggiarli camminando, altrimenti che gusto c&#8217;\u00e8? Anche la proposta di raccogliere i fiori per il bouquet pi\u00f9 bello da regalare alla mamma potrebbe essere un incentivo per camminare divertendosi, generalmente molto apprezzato dai maschietti. In ogni caso, qualunque camminata diventer\u00e0 divertente intonando una canzoncina tutti insieme, raccontando le avventure dei personaggi magici che abitano le montagne (dai folletti dei boschi agli orsetti golosi di miele), osservando i vari animaletti e insetti, che fanno certo pi\u00f9 impressione ai grandi che ai piccoli.<br \/>\nE se dovesse piovere (cosa pittosto comune ahim\u00e8)? Niente paura, di attivit\u00e0 divertenti da fare ce ne sono tante! Prima di tutto una merenda a base dei dolci tipici: una calda fetta di strudel con panna e crema pasticcera. Come resistere? Oltre ai giochi che generalmente ci portiamo da casa, molto apprezzato dai bambini \u00e8 lo &#8220;studio&#8221; delle cartine della zona. Con i pi\u00f9 piccoli si pu\u00f2 prendere spunto dai disegni delle montagne e dei boschi per inventare storie di volpi e scoiattoli e delle loro casette tra gli alberi. Con i pi\u00f9 grandi potete &#8220;esplorare&#8221;le vette pi\u00f9 alte e magari la loro posizione rispetto a dove abitate. Insomma, il fascino del giovane esploratore di fronte ad una mappa non lascia indifferente nessun bambini, ve lo assicuro!<br \/>\nInfine, nonostante Kandersteg sia una localit\u00e0 di montagna a circa 1200 m, non dimentichiamo mai di mettere in valigia i costumi. Un&#8217;estate particolarmente calda ci ha permesso di andare addirittura alla piscina comunale scoperta della cittadina. In montagna in genere ci sono anche strutture con piscine al chiuso, che potrebbero essere un ottimo diversivo durante una giornata di pioggia.<br \/>\nEcco quindi qualche piccolo consiglio per una piacevole vacanza estiva in montagna, con la speranza di avervi incuriosito e di incontrarvi tra le tranquille valli di questo paesino svizzero!<\/p>\n","protected":false},"excerpt":{"rendered":"<p>Ogni estate, da circa 5 anni, passiamo almeno una settimana in montagna. La scelta della localit\u00e0 \u00e8 legata alla famiglia &hellip;<\/p>\n","protected":false},"author":4,"featured_media":709,"comment_status":"open","ping_status":"open","sticky":false,"template":"","format":"standard","meta":{"_acf_changed":false,"footnotes":""},"categories":[4],"tags":[],"class_list":["post-290","post","type-post","status-publish","format-standard","has-post-thumbnail","hentry","category-in-montagna"],"acf":[],"yoast_head":"<!-- This site is optimized with the Yoast SEO plugin v27.1 - https:\/\/yoast.com\/product\/yoast-seo-wordpress\/ -->\n<title>In montagna d&#039;estate: Kandersteg<\/title>\n<meta name=\"robots\" content=\"index, follow, max-snippet:-1, max-image-preview:large, max-video-preview:-1\" \/>\n<link rel=\"canonical\" href=\"https:\/\/www.italyfamilyhotels.it\/blog\/in-montagna\/montagna-destate-kandersteg.html\" \/>\n<meta property=\"og:locale\" content=\"it_IT\" \/>\n<meta property=\"og:type\" content=\"article\" \/>\n<meta property=\"og:title\" content=\"In montagna d&#039;estate: Kandersteg\" \/>\n<meta property=\"og:description\" content=\"Ogni estate, da circa 5 anni, passiamo almeno una settimana in montagna. La scelta della localit\u00e0 \u00e8 legata alla famiglia &hellip;\" \/>\n<meta property=\"og:url\" content=\"https:\/\/www.italyfamilyhotels.it\/blog\/in-montagna\/montagna-destate-kandersteg.html\" \/>\n<meta property=\"og:site_name\" content=\"Family Travel Blog\" \/>\n<meta property=\"article:published_time\" content=\"2013-11-19T08:19:16+00:00\" \/>\n<meta property=\"article:modified_time\" content=\"2022-10-13T09:56:28+00:00\" \/>\n<meta property=\"og:image\" content=\"https:\/\/www.italyfamilyhotels.it\/blog\/wp-content\/uploads\/2013\/11\/foto4-e1387179477910-scaled.jpg\" \/>\n\t<meta property=\"og:image:width\" content=\"1920\" \/>\n\t<meta property=\"og:image:height\" content=\"2560\" \/>\n\t<meta property=\"og:image:type\" content=\"image\/jpeg\" \/>\n<meta name=\"author\" content=\"Giuseppina Bertoldo\" \/>\n<meta name=\"twitter:label1\" content=\"Scritto da\" \/>\n\t<meta name=\"twitter:data1\" content=\"Giuseppina Bertoldo\" \/>\n\t<meta name=\"twitter:label2\" content=\"Tempo di lettura stimato\" \/>\n\t<meta name=\"twitter:data2\" content=\"4 minuti\" \/>\n<script type=\"application\/ld+json\" class=\"yoast-schema-graph\">{\"@context\":\"https:\/\/schema.org\",\"@graph\":[{\"@type\":\"Article\",\"@id\":\"https:\/\/www.italyfamilyhotels.it\/blog\/in-montagna\/montagna-destate-kandersteg.html#article\",\"isPartOf\":{\"@id\":\"https:\/\/www.italyfamilyhotels.it\/blog\/in-montagna\/montagna-destate-kandersteg.html\"},\"author\":{\"name\":\"Giuseppina Bertoldo\",\"@id\":\"https:\/\/www.italyfamilyhotels.it\/blog\/#\/schema\/person\/065159f823b03cca93f2cce3c726e668\"},\"headline\":\"In montagna d&#8217;estate: Kandersteg\",\"datePublished\":\"2013-11-19T08:19:16+00:00\",\"dateModified\":\"2022-10-13T09:56:28+00:00\",\"mainEntityOfPage\":{\"@id\":\"https:\/\/www.italyfamilyhotels.it\/blog\/in-montagna\/montagna-destate-kandersteg.html\"},\"wordCount\":706,\"commentCount\":0,\"image\":{\"@id\":\"https:\/\/www.italyfamilyhotels.it\/blog\/in-montagna\/montagna-destate-kandersteg.html#primaryimage\"},\"thumbnailUrl\":\"https:\/\/www.italyfamilyhotels.it\/blog\/wp-content\/uploads\/2013\/11\/foto4-e1387179477910-scaled.jpg\",\"articleSection\":[\"In montagna\"],\"inLanguage\":\"it-IT\",\"potentialAction\":[{\"@type\":\"CommentAction\",\"name\":\"Comment\",\"target\":[\"https:\/\/www.italyfamilyhotels.it\/blog\/in-montagna\/montagna-destate-kandersteg.html#respond\"]}]},{\"@type\":\"WebPage\",\"@id\":\"https:\/\/www.italyfamilyhotels.it\/blog\/in-montagna\/montagna-destate-kandersteg.html\",\"url\":\"https:\/\/www.italyfamilyhotels.it\/blog\/in-montagna\/montagna-destate-kandersteg.html\",\"name\":\"In montagna d'estate: Kandersteg\",\"isPartOf\":{\"@id\":\"https:\/\/www.italyfamilyhotels.it\/blog\/#website\"},\"primaryImageOfPage\":{\"@id\":\"https:\/\/www.italyfamilyhotels.it\/blog\/in-montagna\/montagna-destate-kandersteg.html#primaryimage\"},\"image\":{\"@id\":\"https:\/\/www.italyfamilyhotels.it\/blog\/in-montagna\/montagna-destate-kandersteg.html#primaryimage\"},\"thumbnailUrl\":\"https:\/\/www.italyfamilyhotels.it\/blog\/wp-content\/uploads\/2013\/11\/foto4-e1387179477910-scaled.jpg\",\"datePublished\":\"2013-11-19T08:19:16+00:00\",\"dateModified\":\"2022-10-13T09:56:28+00:00\",\"author\":{\"@id\":\"https:\/\/www.italyfamilyhotels.it\/blog\/#\/schema\/person\/065159f823b03cca93f2cce3c726e668\"},\"breadcrumb\":{\"@id\":\"https:\/\/www.italyfamilyhotels.it\/blog\/in-montagna\/montagna-destate-kandersteg.html#breadcrumb\"},\"inLanguage\":\"it-IT\",\"potentialAction\":[{\"@type\":\"ReadAction\",\"target\":[\"https:\/\/www.italyfamilyhotels.it\/blog\/in-montagna\/montagna-destate-kandersteg.html\"]}]},{\"@type\":\"ImageObject\",\"inLanguage\":\"it-IT\",\"@id\":\"https:\/\/www.italyfamilyhotels.it\/blog\/in-montagna\/montagna-destate-kandersteg.html#primaryimage\",\"url\":\"https:\/\/www.italyfamilyhotels.it\/blog\/wp-content\/uploads\/2013\/11\/foto4-e1387179477910-scaled.jpg\",\"contentUrl\":\"https:\/\/www.italyfamilyhotels.it\/blog\/wp-content\/uploads\/2013\/11\/foto4-e1387179477910-scaled.jpg\",\"width\":1920,\"height\":2560},{\"@type\":\"BreadcrumbList\",\"@id\":\"https:\/\/www.italyfamilyhotels.it\/blog\/in-montagna\/montagna-destate-kandersteg.html#breadcrumb\",\"itemListElement\":[{\"@type\":\"ListItem\",\"position\":1,\"name\":\"Home\",\"item\":\"https:\/\/www.italyfamilyhotels.it\/blog\"},{\"@type\":\"ListItem\",\"position\":2,\"name\":\"In montagna\",\"item\":\"https:\/\/www.italyfamilyhotels.it\/blog\/in-montagna\"},{\"@type\":\"ListItem\",\"position\":3,\"name\":\"In montagna d&#8217;estate: Kandersteg\"}]},{\"@type\":\"WebSite\",\"@id\":\"https:\/\/www.italyfamilyhotels.it\/blog\/#website\",\"url\":\"https:\/\/www.italyfamilyhotels.it\/blog\/\",\"name\":\"Family Travel Blog\",\"description\":\"Italy Family Hotels\",\"potentialAction\":[{\"@type\":\"SearchAction\",\"target\":{\"@type\":\"EntryPoint\",\"urlTemplate\":\"https:\/\/www.italyfamilyhotels.it\/blog\/?s={search_term_string}\"},\"query-input\":{\"@type\":\"PropertyValueSpecification\",\"valueRequired\":true,\"valueName\":\"search_term_string\"}}],\"inLanguage\":\"it-IT\"},{\"@type\":\"Person\",\"@id\":\"https:\/\/www.italyfamilyhotels.it\/blog\/#\/schema\/person\/065159f823b03cca93f2cce3c726e668\",\"name\":\"Giuseppina Bertoldo\",\"image\":{\"@type\":\"ImageObject\",\"inLanguage\":\"it-IT\",\"@id\":\"https:\/\/www.italyfamilyhotels.it\/blog\/#\/schema\/person\/image\/\",\"url\":\"https:\/\/secure.gravatar.com\/avatar\/f2d22e4ae5ab4e3a08d8ecfb5cdb29929dee43ec336baf927d9a03b47edd204a?s=96&d=mm&r=g\",\"contentUrl\":\"https:\/\/secure.gravatar.com\/avatar\/f2d22e4ae5ab4e3a08d8ecfb5cdb29929dee43ec336baf927d9a03b47edd204a?s=96&d=mm&r=g\",\"caption\":\"Giuseppina Bertoldo\"},\"url\":\"https:\/\/www.italyfamilyhotels.it\/blog\/author\/giuseppina\"}]}<\/script>\n<!-- \/ Yoast SEO plugin. -->","yoast_head_json":{"title":"In montagna d'estate: Kandersteg","robots":{"index":"index","follow":"follow","max-snippet":"max-snippet:-1","max-image-preview":"max-image-preview:large","max-video-preview":"max-video-preview:-1"},"canonical":"https:\/\/www.italyfamilyhotels.it\/blog\/in-montagna\/montagna-destate-kandersteg.html","og_locale":"it_IT","og_type":"article","og_title":"In montagna d'estate: Kandersteg","og_description":"Ogni estate, da circa 5 anni, passiamo almeno una settimana in montagna. La scelta della localit\u00e0 \u00e8 legata alla famiglia &hellip;","og_url":"https:\/\/www.italyfamilyhotels.it\/blog\/in-montagna\/montagna-destate-kandersteg.html","og_site_name":"Family Travel Blog","article_published_time":"2013-11-19T08:19:16+00:00","article_modified_time":"2022-10-13T09:56:28+00:00","og_image":[{"width":1920,"height":2560,"url":"https:\/\/www.italyfamilyhotels.it\/blog\/wp-content\/uploads\/2013\/11\/foto4-e1387179477910-scaled.jpg","type":"image\/jpeg"}],"author":"Giuseppina Bertoldo","twitter_misc":{"Scritto da":"Giuseppina Bertoldo","Tempo di lettura stimato":"4 minuti"},"schema":{"@context":"https:\/\/schema.org","@graph":[{"@type":"Article","@id":"https:\/\/www.italyfamilyhotels.it\/blog\/in-montagna\/montagna-destate-kandersteg.html#article","isPartOf":{"@id":"https:\/\/www.italyfamilyhotels.it\/blog\/in-montagna\/montagna-destate-kandersteg.html"},"author":{"name":"Giuseppina Bertoldo","@id":"https:\/\/www.italyfamilyhotels.it\/blog\/#\/schema\/person\/065159f823b03cca93f2cce3c726e668"},"headline":"In montagna d&#8217;estate: Kandersteg","datePublished":"2013-11-19T08:19:16+00:00","dateModified":"2022-10-13T09:56:28+00:00","mainEntityOfPage":{"@id":"https:\/\/www.italyfamilyhotels.it\/blog\/in-montagna\/montagna-destate-kandersteg.html"},"wordCount":706,"commentCount":0,"image":{"@id":"https:\/\/www.italyfamilyhotels.it\/blog\/in-montagna\/montagna-destate-kandersteg.html#primaryimage"},"thumbnailUrl":"https:\/\/www.italyfamilyhotels.it\/blog\/wp-content\/uploads\/2013\/11\/foto4-e1387179477910-scaled.jpg","articleSection":["In montagna"],"inLanguage":"it-IT","potentialAction":[{"@type":"CommentAction","name":"Comment","target":["https:\/\/www.italyfamilyhotels.it\/blog\/in-montagna\/montagna-destate-kandersteg.html#respond"]}]},{"@type":"WebPage","@id":"https:\/\/www.italyfamilyhotels.it\/blog\/in-montagna\/montagna-destate-kandersteg.html","url":"https:\/\/www.italyfamilyhotels.it\/blog\/in-montagna\/montagna-destate-kandersteg.html","name":"In montagna d'estate: Kandersteg","isPartOf":{"@id":"https:\/\/www.italyfamilyhotels.it\/blog\/#website"},"primaryImageOfPage":{"@id":"https:\/\/www.italyfamilyhotels.it\/blog\/in-montagna\/montagna-destate-kandersteg.html#primaryimage"},"image":{"@id":"https:\/\/www.italyfamilyhotels.it\/blog\/in-montagna\/montagna-destate-kandersteg.html#primaryimage"},"thumbnailUrl":"https:\/\/www.italyfamilyhotels.it\/blog\/wp-content\/uploads\/2013\/11\/foto4-e1387179477910-scaled.jpg","datePublished":"2013-11-19T08:19:16+00:00","dateModified":"2022-10-13T09:56:28+00:00","author":{"@id":"https:\/\/www.italyfamilyhotels.it\/blog\/#\/schema\/person\/065159f823b03cca93f2cce3c726e668"},"breadcrumb":{"@id":"https:\/\/www.italyfamilyhotels.it\/blog\/in-montagna\/montagna-destate-kandersteg.html#breadcrumb"},"inLanguage":"it-IT","potentialAction":[{"@type":"ReadAction","target":["https:\/\/www.italyfamilyhotels.it\/blog\/in-montagna\/montagna-destate-kandersteg.html"]}]},{"@type":"ImageObject","inLanguage":"it-IT","@id":"https:\/\/www.italyfamilyhotels.it\/blog\/in-montagna\/montagna-destate-kandersteg.html#primaryimage","url":"https:\/\/www.italyfamilyhotels.it\/blog\/wp-content\/uploads\/2013\/11\/foto4-e1387179477910-scaled.jpg","contentUrl":"https:\/\/www.italyfamilyhotels.it\/blog\/wp-content\/uploads\/2013\/11\/foto4-e1387179477910-scaled.jpg","width":1920,"height":2560},{"@type":"BreadcrumbList","@id":"https:\/\/www.italyfamilyhotels.it\/blog\/in-montagna\/montagna-destate-kandersteg.html#breadcrumb","itemListElement":[{"@type":"ListItem","position":1,"name":"Home","item":"https:\/\/www.italyfamilyhotels.it\/blog"},{"@type":"ListItem","position":2,"name":"In montagna","item":"https:\/\/www.italyfamilyhotels.it\/blog\/in-montagna"},{"@type":"ListItem","position":3,"name":"In montagna d&#8217;estate: Kandersteg"}]},{"@type":"WebSite","@id":"https:\/\/www.italyfamilyhotels.it\/blog\/#website","url":"https:\/\/www.italyfamilyhotels.it\/blog\/","name":"Family Travel Blog","description":"Italy Family Hotels","potentialAction":[{"@type":"SearchAction","target":{"@type":"EntryPoint","urlTemplate":"https:\/\/www.italyfamilyhotels.it\/blog\/?s={search_term_string}"},"query-input":{"@type":"PropertyValueSpecification","valueRequired":true,"valueName":"search_term_string"}}],"inLanguage":"it-IT"},{"@type":"Person","@id":"https:\/\/www.italyfamilyhotels.it\/blog\/#\/schema\/person\/065159f823b03cca93f2cce3c726e668","name":"Giuseppina Bertoldo","image":{"@type":"ImageObject","inLanguage":"it-IT","@id":"https:\/\/www.italyfamilyhotels.it\/blog\/#\/schema\/person\/image\/","url":"https:\/\/secure.gravatar.com\/avatar\/f2d22e4ae5ab4e3a08d8ecfb5cdb29929dee43ec336baf927d9a03b47edd204a?s=96&d=mm&r=g","contentUrl":"https:\/\/secure.gravatar.com\/avatar\/f2d22e4ae5ab4e3a08d8ecfb5cdb29929dee43ec336baf927d9a03b47edd204a?s=96&d=mm&r=g","caption":"Giuseppina Bertoldo"},"url":"https:\/\/www.italyfamilyhotels.it\/blog\/author\/giuseppina"}]}},"_links":{"self":[{"href":"https:\/\/www.italyfamilyhotels.it\/blog\/wp-json\/wp\/v2\/posts\/290","targetHints":{"allow":["GET"]}}],"collection":[{"href":"https:\/\/www.italyfamilyhotels.it\/blog\/wp-json\/wp\/v2\/posts"}],"about":[{"href":"https:\/\/www.italyfamilyhotels.it\/blog\/wp-json\/wp\/v2\/types\/post"}],"author":[{"embeddable":true,"href":"https:\/\/www.italyfamilyhotels.it\/blog\/wp-json\/wp\/v2\/users\/4"}],"replies":[{"embeddable":true,"href":"https:\/\/www.italyfamilyhotels.it\/blog\/wp-json\/wp\/v2\/comments?post=290"}],"version-history":[{"count":6,"href":"https:\/\/www.italyfamilyhotels.it\/blog\/wp-json\/wp\/v2\/posts\/290\/revisions"}],"predecessor-version":[{"id":8371,"href":"https:\/\/www.italyfamilyhotels.it\/blog\/wp-json\/wp\/v2\/posts\/290\/revisions\/8371"}],"wp:featuredmedia":[{"embeddable":true,"href":"https:\/\/www.italyfamilyhotels.it\/blog\/wp-json\/wp\/v2\/media\/709"}],"wp:attachment":[{"href":"https:\/\/www.italyfamilyhotels.it\/blog\/wp-json\/wp\/v2\/media?parent=290"}],"wp:term":[{"taxonomy":"category","embeddable":true,"href":"https:\/\/www.italyfamilyhotels.it\/blog\/wp-json\/wp\/v2\/categories?post=290"},{"taxonomy":"post_tag","embeddable":true,"href":"https:\/\/www.italyfamilyhotels.it\/blog\/wp-json\/wp\/v2\/tags?post=290"}],"curies":[{"name":"wp","href":"https:\/\/api.w.org\/{rel}","templated":true}]}}